{"id":10420,"date":"2025-12-15T14:30:39","date_gmt":"2025-12-15T17:30:39","guid":{"rendered":"https:\/\/saudedigitalbrasil.com.br\/?p=10420"},"modified":"2025-12-15T14:30:39","modified_gmt":"2025-12-15T17:30:39","slug":"lei-para-promocao-da-saude-mental-nas-empresas-ainda-aguarda-regulamentacao","status":"publish","type":"post","link":"https:\/\/saudedigitalbrasil.com.br\/en_us\/lei-para-promocao-da-saude-mental-nas-empresas-ainda-aguarda-regulamentacao\/","title":{"rendered":"Lei para Promo\u00e7\u00e3o da Sa\u00fade Mental nas Empresas ainda aguarda regulamenta\u00e7\u00e3o"},"content":{"rendered":"<p><em>Lei incentiva pr\u00e1ticas de bem-estar no trabalho, com a associa\u00e7\u00e3o Sa\u00fade Digital Brasil atuando como ponte entre empresas e solu\u00e7\u00f5es digitais de sa\u00fade<\/em><\/p>\n<p>&nbsp;<\/p>\n<p>A \u201cLei do Certificado de Empresa Promotora da Sa\u00fade Mental\u201d \u00e9 um marco para a valoriza\u00e7\u00e3o do bem-estar psicol\u00f3gico no ambiente de trabalho no Brasil. A legisla\u00e7\u00e3o cria um selo oficial para reconhecer empresas que implementam pol\u00edticas e programas voltados \u00e0 promo\u00e7\u00e3o da sa\u00fade mental dos seus colaboradores. Desde sua entrada em vigor, a <a href=\"https:\/\/saudedigitalbrasil.com.br\/en_us\/\">SDB \u2013 Sa\u00fade Digital Brasil<\/a>, associa\u00e7\u00e3o sem fins lucrativos que re\u00fane os principais players de desenvolvimento de tecnologias e presta\u00e7\u00e3o de servi\u00e7os em sa\u00fade digital, tem atuado ativamente na luta pelo reconhecimento e pela efetiva aplica\u00e7\u00e3o da lei, articulando debates, apoiando a regulamenta\u00e7\u00e3o e incentivando empresas a se prepararem para essa certifica\u00e7\u00e3o in\u00e9dita.<\/p>\n<p>&nbsp;<\/p>\n<p>Entre as diretrizes previstas est\u00e3o a implementa\u00e7\u00e3o de programas de promo\u00e7\u00e3o da sa\u00fade mental, a oferta de acesso \u00e0 apoio psicol\u00f3gico e psiqui\u00e1trico, a realiza\u00e7\u00e3o de campanhas e treinamentos, a capacita\u00e7\u00e3o de lideran\u00e7as, a promo\u00e7\u00e3o da sa\u00fade mental da mulher, o combate ao ass\u00e9dio e \u00e0 discrimina\u00e7\u00e3o, al\u00e9m de incentivos a h\u00e1bitos saud\u00e1veis, como atividade f\u00edsica, lazer e alimenta\u00e7\u00e3o balanceada.<\/p>\n<p>&nbsp;<\/p>\n<p>A lei tamb\u00e9m prev\u00ea mecanismos de acompanhamento, transpar\u00eancia e divulga\u00e7\u00e3o das a\u00e7\u00f5es adotadas.<\/p>\n<p>&nbsp;<\/p>\n<p>Apesar de j\u00e1 estar em vigor, a lei ainda depende de regulamenta\u00e7\u00e3o do Poder Executivo para definir os processos de avalia\u00e7\u00e3o e certifica\u00e7\u00e3o das empresas. Enquanto isso, entidades do setor de sa\u00fade t\u00eam buscado articular debates e contribuir com propostas t\u00e9cnicas que garantam a efetividade da medida. Nesse cen\u00e1rio, a SDB desempenha papel central.<\/p>\n<p>&nbsp;<\/p>\n<p>A institui\u00e7\u00e3o acompanha de perto os desdobramentos da lei, participa de audi\u00eancias p\u00fablicas, dialoga com parlamentares, \u00f3rg\u00e3os de governo e entidades representativas da psicologia, al\u00e9m de oferecer materiais educativos e orienta\u00e7\u00f5es \u00e0s empresas interessadas. Para a SDB, a iniciativa \u00e9 uma oportunidade de unir avan\u00e7os sociais e pol\u00edticas p\u00fablicas a solu\u00e7\u00f5es tecnol\u00f3gicas de sa\u00fade digital.<\/p>\n<p>\u201cA lei coloca a sa\u00fade mental como prioridade nacional e abre um espa\u00e7o in\u00e9dito para que as empresas fa\u00e7am parte da solu\u00e7\u00e3o. Nosso papel \u00e9 apoiar para que essa certifica\u00e7\u00e3o n\u00e3o seja apenas um selo, mas um motor de mudan\u00e7a real no ambiente de trabalho\u201d, comenta Michele Alves \u2013 Gerente Executiva da SDB.<\/p>\n<p>&nbsp;<\/p>\n<p>Segundo a SDB, os impactos esperados para os trabalhadores incluem maior qualidade de vida, ambientes de trabalho mais seguros e inclusivos, e acesso ampliado a cuidados psicol\u00f3gicos e psiqui\u00e1tricos. J\u00e1 para as empresas, os benef\u00edcios se traduzem em redu\u00e7\u00e3o do absente\u00edsmo, maior reten\u00e7\u00e3o de talentos, engajamento, inova\u00e7\u00e3o e ganhos de produtividade.<\/p>\n<p>Transtornos mentais causam afastamento do trabalho, geram custos elevados para empresas e para o sistema de sa\u00fade. Ao estimular a ado\u00e7\u00e3o de pr\u00e1ticas preventivas e de promo\u00e7\u00e3o de sa\u00fade mental, a lei cria condi\u00e7\u00f5es para reverter esse cen\u00e1rio e transformar o ambiente corporativo.<\/p>\n<p>&nbsp;<\/p>\n<p>A SDB tamb\u00e9m destaca que suas empresas associadas j\u00e1 oferecem ferramentas essenciais para apoiar a implementa\u00e7\u00e3o das diretrizes, como plataformas de telessa\u00fade, acompanhamento psicol\u00f3gico digital e programas de bem-estar personalizados. Essas solu\u00e7\u00f5es, acess\u00edveis e escal\u00e1veis, podem acelerar a adapta\u00e7\u00e3o das organiza\u00e7\u00f5es \u00e0s exig\u00eancias do certificado.<\/p>\n<p>\u201cAcreditamos que a lei \u00e9 um catalisador n\u00e3o apenas para o bem-estar social, mas tamb\u00e9m para o fortalecimento do setor de sa\u00fade digital no Brasil. Ela valida uma causa que defendemos h\u00e1 anos e que agora ganha relev\u00e2ncia estrat\u00e9gica para empresas e trabalhadores\u201d, explica a executiva.<\/p>\n<p>&nbsp;<\/p>\n<p>Ao se consolidar, o Certificado de Empresa Promotora da Sa\u00fade Mental deve se tornar um diferencial competitivo para organiza\u00e7\u00f5es comprometidas com responsabilidade social, atraindo talentos, investidores e consumidores cada vez mais atentos \u00e0s pr\u00e1ticas de cuidado e sustentabilidade no ambiente corporativo.<\/p>\n<p><strong>\u00a0<\/strong><\/p>\n<p><strong>Sobre a SDB &#8211; Sa\u00fade Digital Brasil<\/strong><\/p>\n<p>A <strong>Sa\u00fade Digital Brasil<\/strong> \u00e9 a voz do setor empresarial da sa\u00fade digital no pa\u00eds. Seu compromisso come\u00e7a pelo bem coletivo. Mais do que representar empresas do setor, a entidade existe para garantir que a inova\u00e7\u00e3o em sa\u00fade digital sirva, acima de tudo, ao interesse p\u00fablico e \u00e0 responsabilidade social.<\/p>\n<p>A associa\u00e7\u00e3o re\u00fane empresas que desenvolvem tecnologias e prestam servi\u00e7os em sa\u00fade digital, com representa\u00e7\u00e3o s\u00e9ria e protagonista, comprometida em transformar a sa\u00fade brasileira com qualidade, seguran\u00e7a e inclus\u00e3o. Representa seus associados com o objetivo principal de fortalecer e expandir a sa\u00fade digital no pa\u00eds, defendendo uma regulamenta\u00e7\u00e3o adequada junto ao governo e estabelecendo padr\u00f5es de boas pr\u00e1ticas para que o setor cres\u00e7a de forma \u00e9tica e sustent\u00e1vel.<\/p>\n<p>A Sa\u00fade Digital Brasil nasceu para liderar, com \u00e9tica e responsabilidade, a transforma\u00e7\u00e3o digital da sa\u00fade brasileira, promovendo qualidade, seguran\u00e7a, inclus\u00e3o e inova\u00e7\u00e3o sustent\u00e1vel, e contribuir com solu\u00e7\u00f5es para desafios como a sa\u00fade mental corporativa.<\/p>","protected":false},"excerpt":{"rendered":"<p>Lei incentiva pr\u00e1ticas de bem-estar no trabalho, com a associa\u00e7\u00e3o Sa\u00fade Digital Brasil atuando como ponte entre empresas e solu\u00e7\u00f5es digitais de sa\u00fade &nbsp; A \u201cLei do Certificado de Empresa [&hellip;]<\/p>","protected":false},"author":9,"featured_media":10421,"comment_status":"open","ping_status":"open","sticky":false,"template":"","format":"standard","meta":{"footnotes":""},"categories":[36],"tags":[],"class_list":["post-10420","post","type-post","status-publish","format-standard","has-post-thumbnail","hentry","category-press-releases"],"_links":{"self":[{"href":"https:\/\/saudedigitalbrasil.com.br\/en_us\/wp-json\/wp\/v2\/posts\/10420","targetHints":{"allow":["GET"]}}],"collection":[{"href":"https:\/\/saudedigitalbrasil.com.br\/en_us\/wp-json\/wp\/v2\/posts"}],"about":[{"href":"https:\/\/saudedigitalbrasil.com.br\/en_us\/wp-json\/wp\/v2\/types\/post"}],"author":[{"embeddable":true,"href":"https:\/\/saudedigitalbrasil.com.br\/en_us\/wp-json\/wp\/v2\/users\/9"}],"replies":[{"embeddable":true,"href":"https:\/\/saudedigitalbrasil.com.br\/en_us\/wp-json\/wp\/v2\/comments?post=10420"}],"version-history":[{"count":1,"href":"https:\/\/saudedigitalbrasil.com.br\/en_us\/wp-json\/wp\/v2\/posts\/10420\/revisions"}],"predecessor-version":[{"id":10422,"href":"https:\/\/saudedigitalbrasil.com.br\/en_us\/wp-json\/wp\/v2\/posts\/10420\/revisions\/10422"}],"wp:featuredmedia":[{"embeddable":true,"href":"https:\/\/saudedigitalbrasil.com.br\/en_us\/wp-json\/wp\/v2\/media\/10421"}],"wp:attachment":[{"href":"https:\/\/saudedigitalbrasil.com.br\/en_us\/wp-json\/wp\/v2\/media?parent=10420"}],"wp:term":[{"taxonomy":"category","embeddable":true,"href":"https:\/\/saudedigitalbrasil.com.br\/en_us\/wp-json\/wp\/v2\/categories?post=10420"},{"taxonomy":"post_tag","embeddable":true,"href":"https:\/\/saudedigitalbrasil.com.br\/en_us\/wp-json\/wp\/v2\/tags?post=10420"}],"curies":[{"name":"wp","href":"https:\/\/api.w.org\/{rel}","templated":true}]}}